{"id":791,"date":"2024-09-09T21:51:33","date_gmt":"2024-09-09T19:51:33","guid":{"rendered":"http:\/\/chateau-du-rousset.fr\/wordpress\/?p=791"},"modified":"2024-09-09T21:52:53","modified_gmt":"2024-09-09T19:52:53","slug":"journees-europeennes-du-patrimoine-les-21-et-22-septembre-2024","status":"publish","type":"post","link":"http:\/\/chateau-du-rousset.fr\/wordpress\/index.php\/2024\/09\/09\/journees-europeennes-du-patrimoine-les-21-et-22-septembre-2024\/","title":{"rendered":"Journ\u00e9es Europ\u00e9ennes du Patrimoine les 21 et 22 Septembre 2024"},"content":{"rendered":"\n<p>Le Ch\u00e2teau sera <strong>ouvert au public<\/strong> les 21 et 22 septembre 2024 <strong>de 14h \u00e0 18h.<\/strong><\/p>\n\n\n\n<p>Nous vous proposons de venir d\u00e9couvrir le ch\u00e2teau qui n&rsquo;est ouvert que pour ces Journ\u00e9es du Patrimoine ou sur RV.<br>La visite est libre. Les propri\u00e9taires, pr\u00e9sents, r\u00e9pondront \u00e0 vos questions.<br>Seul l&rsquo;acc\u00e8s au sommet de la tour se fait par groupe accompagn\u00e9 (10 personnes)<br>Le tout est compl\u00e9t\u00e9 par de nombreux panneaux explicatifs sur l&rsquo;histoire du ch\u00e2teau et de ses habitants et sur l&rsquo;arch\u00e9ologie du b\u00e2ti.<\/p>\n\n\n\n<p>Pr\u00e9voir ders chaussures ferm\u00e9es type basket<\/p>\n\n\n\n<p>L&rsquo;\u00e9v\u00e8nement est gratuit et sans r\u00e9servation<\/p>\n\n\n\n<figure class=\"wp-block-image size-full\"><img loading=\"lazy\" decoding=\"async\" width=\"636\" height=\"905\" src=\"http:\/\/chateau-du-rousset.fr\/wordpress\/wp-content\/uploads\/2024\/09\/image.png\" alt=\"\" class=\"wp-image-794\" srcset=\"http:\/\/chateau-du-rousset.fr\/wordpress\/wp-content\/uploads\/2024\/09\/image.png 636w, http:\/\/chateau-du-rousset.fr\/wordpress\/wp-content\/uploads\/2024\/09\/image-211x300.png 211w\" sizes=\"(max-width: 636px) 100vw, 636px\" \/><\/figure>\n","protected":false},"excerpt":{"rendered":"<p>Le Ch\u00e2teau sera ouvert au public les 21 et 22 septembre 2024 de 14h \u00e0 18h. Nous vous proposons de venir d\u00e9couvrir le ch\u00e2teau qui n&rsquo;est ouvert que pour ces Journ\u00e9es du Patrimoine ou sur RV.La visite est libre. Les propri\u00e9taires, pr\u00e9sents, r\u00e9pondront \u00e0 vos questions.Seul l&rsquo;acc\u00e8s au sommet de la tour se fait par &hellip; <\/p>\n<p class=\"link-more\"><a href=\"http:\/\/chateau-du-rousset.fr\/wordpress\/index.php\/2024\/09\/09\/journees-europeennes-du-patrimoine-les-21-et-22-septembre-2024\/\" class=\"more-link\">Continuer la lecture<span class=\"screen-reader-text\"> de &laquo;&nbsp;Journ\u00e9es Europ\u00e9ennes du Patrimoine les 21 et 22 Septembre 2024&nbsp;&raquo;<\/span><\/a><\/p>\n","protected":false},"author":3,"featured_media":0,"comment_status":"closed","ping_status":"closed","sticky":false,"template":"","format":"standard","meta":{"footnotes":""},"categories":[1],"tags":[],"class_list":["post-791","post","type-post","status-publish","format-standard","hentry","category-actualites"],"_links":{"self":[{"href":"http:\/\/chateau-du-rousset.fr\/wordpress\/index.php\/wp-json\/wp\/v2\/posts\/791"}],"collection":[{"href":"http:\/\/chateau-du-rousset.fr\/wordpress\/index.php\/wp-json\/wp\/v2\/posts"}],"about":[{"href":"http:\/\/chateau-du-rousset.fr\/wordpress\/index.php\/wp-json\/wp\/v2\/types\/post"}],"author":[{"embeddable":true,"href":"http:\/\/chateau-du-rousset.fr\/wordpress\/index.php\/wp-json\/wp\/v2\/users\/3"}],"replies":[{"embeddable":true,"href":"http:\/\/chateau-du-rousset.fr\/wordpress\/index.php\/wp-json\/wp\/v2\/comments?post=791"}],"version-history":[{"count":2,"href":"http:\/\/chateau-du-rousset.fr\/wordpress\/index.php\/wp-json\/wp\/v2\/posts\/791\/revisions"}],"predecessor-version":[{"id":795,"href":"http:\/\/chateau-du-rousset.fr\/wordpress\/index.php\/wp-json\/wp\/v2\/posts\/791\/revisions\/795"}],"wp:attachment":[{"href":"http:\/\/chateau-du-rousset.fr\/wordpress\/index.php\/wp-json\/wp\/v2\/media?parent=791"}],"wp:term":[{"taxonomy":"category","embeddable":true,"href":"http:\/\/chateau-du-rousset.fr\/wordpress\/index.php\/wp-json\/wp\/v2\/categories?post=791"},{"taxonomy":"post_tag","embeddable":true,"href":"http:\/\/chateau-du-rousset.fr\/wordpress\/index.php\/wp-json\/wp\/v2\/tags?post=791"}],"curies":[{"name":"wp","href":"https:\/\/api.w.org\/{rel}","templated":true}]}}