{"id":902,"date":"2025-08-28T19:00:40","date_gmt":"2025-08-28T17:00:40","guid":{"rendered":"http:\/\/chateau-du-rousset.fr\/wordpress\/?p=902"},"modified":"2025-09-07T15:24:53","modified_gmt":"2025-09-07T13:24:53","slug":"le-chateau-du-rousset-ne-sera-pas-ouvert-au-public-lors-des-journees-europeennes-du-patrimoine-2025","status":"publish","type":"post","link":"http:\/\/chateau-du-rousset.fr\/wordpress\/index.php\/2025\/08\/28\/le-chateau-du-rousset-ne-sera-pas-ouvert-au-public-lors-des-journees-europeennes-du-patrimoine-2025\/","title":{"rendered":"Le Ch\u00e2teau du Rousset ne sera pas ouvert au public lors des Journ\u00e9es europ\u00e9ennes du patrimoine 2025"},"content":{"rendered":"\n<p class=\"has-medium-font-size\">Nous sommes d\u00e9sol\u00e9s, mais cette ann\u00e9e, faute d&rsquo;effectifs, nous n&rsquo;aurons pas le plaisir de recevoir le public pour les Journ\u00e9es Europ\u00e9ennes du Patrimoine 2025. Nous esp\u00e9rons donc vous retrouver nombreux lors des Journ\u00e9es 2026 !<\/p>\n\n\n\n<p class=\"has-medium-font-size\"><strong>En attendant, vous pouvez toujours rejoindre une visite organis\u00e9e par l&rsquo;Office du Tourisme de Montbrison ( 04 77 96 08 69) : la prochaine visite est le samedi 6 septembre \u00e0 11h30<\/strong>.<\/p>\n\n\n\n<p class=\"has-medium-font-size\">Vous pouvez aussi nous contacter \u00e0 <strong>contact@chateau-du-rousset.fr ou au 06 82 26 77 83<\/strong>.<\/p>\n\n\n\n<p><\/p>\n","protected":false},"excerpt":{"rendered":"<p>Nous sommes d\u00e9sol\u00e9s, mais cette ann\u00e9e, faute d&rsquo;effectifs, nous n&rsquo;aurons pas le plaisir de recevoir le public pour les Journ\u00e9es Europ\u00e9ennes du Patrimoine 2025. Nous esp\u00e9rons donc vous retrouver nombreux lors des Journ\u00e9es 2026 ! En attendant, vous pouvez toujours rejoindre une visite organis\u00e9e par l&rsquo;Office du Tourisme de Montbrison ( 04 77 96 08 &hellip; <\/p>\n<p class=\"link-more\"><a href=\"http:\/\/chateau-du-rousset.fr\/wordpress\/index.php\/2025\/08\/28\/le-chateau-du-rousset-ne-sera-pas-ouvert-au-public-lors-des-journees-europeennes-du-patrimoine-2025\/\" class=\"more-link\">Continuer la lecture<span class=\"screen-reader-text\"> de &laquo;&nbsp;Le Ch\u00e2teau du Rousset ne sera pas ouvert au public lors des Journ\u00e9es europ\u00e9ennes du patrimoine 2025&nbsp;&raquo;<\/span><\/a><\/p>\n","protected":false},"author":3,"featured_media":0,"comment_status":"closed","ping_status":"closed","sticky":false,"template":"","format":"standard","meta":{"footnotes":""},"categories":[1],"tags":[],"class_list":["post-902","post","type-post","status-publish","format-standard","hentry","category-actualites"],"_links":{"self":[{"href":"http:\/\/chateau-du-rousset.fr\/wordpress\/index.php\/wp-json\/wp\/v2\/posts\/902","targetHints":{"allow":["GET"]}}],"collection":[{"href":"http:\/\/chateau-du-rousset.fr\/wordpress\/index.php\/wp-json\/wp\/v2\/posts"}],"about":[{"href":"http:\/\/chateau-du-rousset.fr\/wordpress\/index.php\/wp-json\/wp\/v2\/types\/post"}],"author":[{"embeddable":true,"href":"http:\/\/chateau-du-rousset.fr\/wordpress\/index.php\/wp-json\/wp\/v2\/users\/3"}],"replies":[{"embeddable":true,"href":"http:\/\/chateau-du-rousset.fr\/wordpress\/index.php\/wp-json\/wp\/v2\/comments?post=902"}],"version-history":[{"count":3,"href":"http:\/\/chateau-du-rousset.fr\/wordpress\/index.php\/wp-json\/wp\/v2\/posts\/902\/revisions"}],"predecessor-version":[{"id":909,"href":"http:\/\/chateau-du-rousset.fr\/wordpress\/index.php\/wp-json\/wp\/v2\/posts\/902\/revisions\/909"}],"wp:attachment":[{"href":"http:\/\/chateau-du-rousset.fr\/wordpress\/index.php\/wp-json\/wp\/v2\/media?parent=902"}],"wp:term":[{"taxonomy":"category","embeddable":true,"href":"http:\/\/chateau-du-rousset.fr\/wordpress\/index.php\/wp-json\/wp\/v2\/categories?post=902"},{"taxonomy":"post_tag","embeddable":true,"href":"http:\/\/chateau-du-rousset.fr\/wordpress\/index.php\/wp-json\/wp\/v2\/tags?post=902"}],"curies":[{"name":"wp","href":"https:\/\/api.w.org\/{rel}","templated":true}]}}